{"id":2110,"date":"2026-09-01T10:52:11","date_gmt":"2026-09-01T08:52:11","guid":{"rendered":"https:\/\/afasigbg.se\/wordpress\/?p=2110"},"modified":"2026-09-01T10:52:12","modified_gmt":"2026-09-01T08:52:12","slug":"utbildningsdag-for-afasiforeningar-i-vg-19-9-2026","status":"publish","type":"post","link":"https:\/\/afasigbg.se\/wordpress\/utbildningsdag-for-afasiforeningar-i-vg-19-9-2026\/","title":{"rendered":"Utbildningsdag f\u00f6r Afasif\u00f6reningar i VG 19\/9-2026."},"content":{"rendered":"<!-- RS_MODULE_CODE_2.4.1 --><div id=\"readspeaker_button2110\" class=\"rs_skip rsbtn rs_preserve\"><a class=\"rsbtn_play\" title=\"Lyssna p&aring; sidans text med ReadSpeaker\" accesskey=\"L\" href=\"\/\/app-eu.readspeaker.com\/cgi-bin\/rsent?customerid=9551&amp;lang=sv_se&amp;readid=rspeak_read_2110&amp;url=https%3A%2F%2Fafasigbg.se%2Fwordpress%2Fwp-json%2Fwp%2Fv2%2Fposts%2F2110\">\r\n        <span class=\"rsbtn_left rsimg rspart\"><span class=\"rsbtn_text\"><span>Lyssna<\/span><\/span><\/span>\r\n        <span class=\"rsbtn_right rsimg rsplay rspart\"><\/span>\r\n        <\/a><\/div><div id=\"rspeak_read_2110\">\n<p class=\"wp-block-paragraph\">Inbjudan till en utbildningsdag som v\u00e4nder sig till Afasif\u00f6reningar i V\u00e4stra G\u00f6taland. <\/p>\n\n\n\n<p class=\"wp-block-paragraph\"><a href=\"https:\/\/afasigbg.se\/wordpress\/wp-content\/uploads\/2026\/09\/AfasiVG_utbildningsdag_september2026.pdf\">Var god klicka h\u00e4r: AfasiVG_utbildningsdag_september2026.pdf<\/a> <\/p>\n\n\n\n<p class=\"wp-block-paragraph\">Anm\u00e4lan senast 10 september till:<\/p>\n\n\n\n<p class=\"wp-block-paragraph\">Studief\u00f6rbundet Vuxenskolan V\u00e4stra G\u00f6taland, teln. 0522-66 33 33.                                      E-post: vgregion@sv.se  <\/p>\n\n\n\n<p class=\"wp-block-paragraph\">Varmt v\u00e4lkommen!<\/p>\n\n\n\n<p class=\"wp-block-paragraph\"><\/p>\n<\/div>","protected":false},"excerpt":{"rendered":"<!-- RS_MODULE_CODE_2.4.1 --><div id=\"readspeaker_button2110\" class=\"rs_skip rsbtn rs_preserve\"><a class=\"rsbtn_play\" title=\"Lyssna p&aring; sidans text med ReadSpeaker\" accesskey=\"L\" href=\"\/\/app-eu.readspeaker.com\/cgi-bin\/rsent?customerid=9551&amp;lang=sv_se&amp;readid=rspeak_read_2110&amp;url=https%3A%2F%2Fafasigbg.se%2Fwordpress%2Fwp-json%2Fwp%2Fv2%2Fposts%2F2110\">\r\n        <span class=\"rsbtn_left rsimg rspart\"><span class=\"rsbtn_text\"><span>Lyssna<\/span><\/span><\/span>\r\n        <span class=\"rsbtn_right rsimg rsplay rspart\"><\/span>\r\n        <\/a><\/div><div id=\"rspeak_read_2110\"> Inbjudan till en utbildningsdag som v\u00e4nder sig till Afasif\u00f6reningar ... <a title=\"Utbildningsdag f\u00f6r Afasif\u00f6reningar i VG 19\/9-2026.\" class=\"read-more\" href=\"https:\/\/afasigbg.se\/wordpress\/utbildningsdag-for-afasiforeningar-i-vg-19-9-2026\/\" aria-label=\"L\u00e4s mer om Utbildningsdag f\u00f6r Afasif\u00f6reningar i VG 19\/9-2026.\">L\u00e4s mer...<\/a><\/div>","protected":false},"author":3,"featured_media":2124,"comment_status":"closed","ping_status":"open","sticky":false,"template":"","format":"standard","meta":{"generate_page_header":"","footnotes":""},"categories":[1],"tags":[],"class_list":["post-2110","post","type-post","status-publish","format-standard","has-post-thumbnail","hentry","category-okategoriserade","resize-featured-image"],"_links":{"self":[{"href":"https:\/\/afasigbg.se\/wordpress\/wp-json\/wp\/v2\/posts\/2110","targetHints":{"allow":["GET"]}}],"collection":[{"href":"https:\/\/afasigbg.se\/wordpress\/wp-json\/wp\/v2\/posts"}],"about":[{"href":"https:\/\/afasigbg.se\/wordpress\/wp-json\/wp\/v2\/types\/post"}],"author":[{"embeddable":true,"href":"https:\/\/afasigbg.se\/wordpress\/wp-json\/wp\/v2\/users\/3"}],"replies":[{"embeddable":true,"href":"https:\/\/afasigbg.se\/wordpress\/wp-json\/wp\/v2\/comments?post=2110"}],"version-history":[{"count":2,"href":"https:\/\/afasigbg.se\/wordpress\/wp-json\/wp\/v2\/posts\/2110\/revisions"}],"predecessor-version":[{"id":2126,"href":"https:\/\/afasigbg.se\/wordpress\/wp-json\/wp\/v2\/posts\/2110\/revisions\/2126"}],"wp:featuredmedia":[{"embeddable":true,"href":"https:\/\/afasigbg.se\/wordpress\/wp-json\/wp\/v2\/media\/2124"}],"wp:attachment":[{"href":"https:\/\/afasigbg.se\/wordpress\/wp-json\/wp\/v2\/media?parent=2110"}],"wp:term":[{"taxonomy":"category","embeddable":true,"href":"https:\/\/afasigbg.se\/wordpress\/wp-json\/wp\/v2\/categories?post=2110"},{"taxonomy":"post_tag","embeddable":true,"href":"https:\/\/afasigbg.se\/wordpress\/wp-json\/wp\/v2\/tags?post=2110"}],"curies":[{"name":"wp","href":"https:\/\/api.w.org\/{rel}","templated":true}]}}